{"id":3210,"date":"2010-06-08T17:26:28","date_gmt":"2010-06-08T22:26:28","guid":{"rendered":"http:\/\/www.theoreti.ca\/?p=3210"},"modified":"2010-06-08T17:37:24","modified_gmt":"2010-06-08T22:37:24","slug":"society-for-digital-humanities-papers","status":"publish","type":"post","link":"https:\/\/theoreti.ca\/?p=3210","title":{"rendered":"Society for Digital Humanities Papers"},"content":{"rendered":"<p>With my graduate students and colleagues I was involved in a number of papers at the <a href=\"http:\/\/www.sdh-semi.org\/\">SDH-SEMI The Society for Digital Humanities \/ La Soci\u00e9t\u00e9 pour l&#8217;\u00c9tude des M\u00e9dias Interactifs<\/a> conference at Congress 2010 in Montreal. They included:<\/p>\n<ul>\n<li>&#8220;Exclusionary Practices: A Historical Look at Public Representations of Computers in the 1950s and Early 1960s&#8221; presented by Sophia Hoosien<\/li>\n<li>&#8220;Before the Moments of Beginning&#8221; presented by Victoria Smith<\/li>\n<li>I presented on \u201cCyberinfrastructure for Research in the Humanities: Expectations and Capacity\u201d<\/li>\n<li>Text Analysis for me Too: An embeddable text analysis widget&#8221; presented by Peter Organisciak<\/li>\n<li>Daniel Sondheim talked about the interface of the citation from print to the web as part of a panel on INKE Interface Design.<\/li>\n<li>&#8220;Theorizing Analytics&#8221; was presented by St\u00e9fan Sinclair<\/li>\n<li>&#8220;Academic Capacity in Canada\u2019s Digital Humanities Community: Opportunities and Challenges&#8221; was presented by Lynne Siemens<\/li>\n<li>&#8220;What do we say about ourselves? An analysis of the Day<br \/>\nof DH 2009 data&#8221; was presented by Peter Organisciak<\/li>\n<li>and I presented on &#8220;The Unreality of the Timeline&#8221; as part of a panel on temporal modeling at the CHA<\/li>\n<\/ul>\n<p>As the papers get posted, I&#8217;ll blog them.<\/p>\n","protected":false},"excerpt":{"rendered":"<p>With my graduate students and colleagues I was involved in a number of papers at the SDH-SEMI The Society for Digital Humanities \/ La Soci\u00e9t\u00e9 pour l&#8217;\u00c9tude des M\u00e9dias Interactifs conference at Congress 2010 in Montreal. They included: &#8220;Exclusionary Practices: A Historical Look at Public Representations of Computers in the 1950s and Early 1960s&#8221; presented &hellip; <a href=\"https:\/\/theoreti.ca\/?p=3210\" class=\"more-link\">Continue reading <span class=\"screen-reader-text\">Society for Digital Humanities Papers<\/span><\/a><\/p>\n","protected":false},"author":1,"featured_media":0,"comment_status":"open","ping_status":"closed","sticky":false,"template":"","format":"standard","meta":{"footnotes":""},"categories":[11,31,16],"tags":[],"class_list":["post-3210","post","type-post","status-publish","format-standard","hentry","category-internet-culture-and-technology","category-social-networking","category-text-analysis"],"_links":{"self":[{"href":"https:\/\/theoreti.ca\/index.php?rest_route=\/wp\/v2\/posts\/3210","targetHints":{"allow":["GET"]}}],"collection":[{"href":"https:\/\/theoreti.ca\/index.php?rest_route=\/wp\/v2\/posts"}],"about":[{"href":"https:\/\/theoreti.ca\/index.php?rest_route=\/wp\/v2\/types\/post"}],"author":[{"embeddable":true,"href":"https:\/\/theoreti.ca\/index.php?rest_route=\/wp\/v2\/users\/1"}],"replies":[{"embeddable":true,"href":"https:\/\/theoreti.ca\/index.php?rest_route=%2Fwp%2Fv2%2Fcomments&post=3210"}],"version-history":[{"count":2,"href":"https:\/\/theoreti.ca\/index.php?rest_route=\/wp\/v2\/posts\/3210\/revisions"}],"predecessor-version":[{"id":3212,"href":"https:\/\/theoreti.ca\/index.php?rest_route=\/wp\/v2\/posts\/3210\/revisions\/3212"}],"wp:attachment":[{"href":"https:\/\/theoreti.ca\/index.php?rest_route=%2Fwp%2Fv2%2Fmedia&parent=3210"}],"wp:term":[{"taxonomy":"category","embeddable":true,"href":"https:\/\/theoreti.ca\/index.php?rest_route=%2Fwp%2Fv2%2Fcategories&post=3210"},{"taxonomy":"post_tag","embeddable":true,"href":"https:\/\/theoreti.ca\/index.php?rest_route=%2Fwp%2Fv2%2Ftags&post=3210"}],"curies":[{"name":"wp","href":"https:\/\/api.w.org\/{rel}","templated":true}]}}